{"id":21502,"date":"2026-09-03T16:21:35","date_gmt":"2026-09-03T23:21:35","guid":{"rendered":"https:\/\/libresinaloa.edu.mx\/2026\/?p=21502"},"modified":"2026-09-03T16:21:38","modified_gmt":"2026-09-03T23:21:38","slug":"inaugura-la-escuela-libre-de-derecho-de-sinaloa-el-ciclo-escolar-2026-2027","status":"publish","type":"post","link":"https:\/\/libresinaloa.edu.mx\/2026\/inaugura-la-escuela-libre-de-derecho-de-sinaloa-el-ciclo-escolar-2026-2027\/","title":{"rendered":"Inaugura la Escuela Libre de Derecho de Sinaloa el Ciclo Escolar 2026-2027"},"content":{"rendered":"\n<p class=\"wp-block-paragraph\">&nbsp;&nbsp;&nbsp;&nbsp;&nbsp;&nbsp;&nbsp;&nbsp;&nbsp;&nbsp;&nbsp;&nbsp;&nbsp;&nbsp;&nbsp; Con un llamado a vivir el nuevo a\u00f1o escolar con entusiasmo, disciplina y alto sentido \u00e9tico, la Escuela Libre de Derecho de Sinaloa dio inicio formal a las actividades correspondientes al Ciclo Escolar 2026-2027.<\/p>\n\n\n\n<p class=\"wp-block-paragraph\">&nbsp;&nbsp;&nbsp;&nbsp;&nbsp;&nbsp;&nbsp;&nbsp;&nbsp;&nbsp;&nbsp;&nbsp;&nbsp;&nbsp;&nbsp; Durante la ceremonia, el Mtro. Rodolfo Campoy de la Vega, Rector de nuestra Casa de Estudios, destac\u00f3 que el arranque de este periodo renueva la esperanza y los anhelos de la comunidad universitaria, los cuales -afirm\u00f3- se consolidar\u00e1n mediante el estudio constante y la dedicaci\u00f3n diaria.<\/p>\n\n\n\n<p class=\"wp-block-paragraph\">&nbsp;&nbsp;&nbsp;&nbsp;&nbsp;&nbsp;&nbsp;&nbsp;&nbsp;&nbsp;&nbsp;&nbsp;&nbsp;&nbsp;&nbsp; Al dar la bienvenida a las y los Estudiantes de nuevo ingreso, el Rector subray\u00f3 que su llegada llena de vitalidad a la Escuela y reafirma que la educaci\u00f3n es la herramienta id\u00f3nea para transformar vidas e impulsar el desarrollo social. Asimismo, exhort\u00f3 al alumnado que contin\u00faa con sus estudios a asumir los nuevos retos acad\u00e9micos con optimismo y responsabilidad.<\/p>\n\n\n\n<p class=\"wp-block-paragraph\">&nbsp;&nbsp;&nbsp;&nbsp;&nbsp;&nbsp;&nbsp;&nbsp;&nbsp;&nbsp;&nbsp;&nbsp;&nbsp;&nbsp;&nbsp; \u201cSer universitario implica la alta responsabilidad de generar conocimiento, desarrollar pensamiento cr\u00edtico y prepararse para una s\u00f3lida formaci\u00f3n profesional. Aprendan no solo de los libros, sino tambi\u00e9n de las personas que encontrar\u00e1n en su camino. Hagan suya nuestra Escuela, cu\u00eddenla y ay\u00fadenos a engrandecerla\u00bb, enfatiz\u00f3 el Mtro. Campoy de la Vega.<\/p>\n\n\n\n<p class=\"wp-block-paragraph\">&nbsp;&nbsp;&nbsp;&nbsp;&nbsp;&nbsp;&nbsp;&nbsp;&nbsp;&nbsp;&nbsp;&nbsp;&nbsp;&nbsp;&nbsp; A nombre de la comunidad estudiantil, la Alumna Cynthia Paulina Roch\u00edn Maga\u00f1a, Presidenta de la Sociedad de Alumnas y Alumnos, brind\u00f3 un mensaje de integraci\u00f3n y compromiso para el ciclo escolar que comienza. Por su parte, la declaratoria inaugural del Ciclo Escolar 2026-2027 estuvo a cargo del Mtro. \u00d3scar Verdugo Salcedo, Catedr\u00e1tico de la Instituci\u00f3n.<\/p>\n\n\n\n<p class=\"wp-block-paragraph\">&nbsp;&nbsp;&nbsp;&nbsp;&nbsp;&nbsp;&nbsp;&nbsp;&nbsp;&nbsp;&nbsp;&nbsp;&nbsp;&nbsp;&nbsp; El pres\u00eddium cont\u00f3 con la presencia del Mtro. Jos\u00e9 Miguel Vega Pereda, Secretario Acad\u00e9mico; el Mtro. Jos\u00e9 Carlos \u00c1lvarez Ortega, Rector Honorario; as\u00ed como de la Mtra. Guadalupe Ch\u00e1vez Castro, el Mtro. Ra\u00fal L\u00f3pez Rodr\u00edguez, el Mtro. Miguel \u00c1ngel L\u00f3pez N\u00fa\u00f1ez y el Lic. Francisco Javier Mart\u00ednez Vega, distinguidos docentes de esta Casa de Estudios.<\/p>\n\n\n\n<figure class=\"wp-block-gallery has-nested-images columns-default is-cropped wp-block-gallery-1 is-layout-flex wp-block-gallery-is-layout-flex\">\n<figure class=\"wp-block-image size-large\"><img fetchpriority=\"high\" decoding=\"async\" width=\"1024\" height=\"710\" data-id=\"21503\" src=\"https:\/\/libresinaloa.edu.mx\/2026\/wp-content\/uploads\/2026\/09\/01-1024x710.jpg\" alt=\"\" class=\"wp-image-21503\" srcset=\"https:\/\/libresinaloa.edu.mx\/2026\/wp-content\/uploads\/2026\/09\/01-1024x710.jpg 1024w, https:\/\/libresinaloa.edu.mx\/2026\/wp-content\/uploads\/2026\/09\/01-300x208.jpg 300w, https:\/\/libresinaloa.edu.mx\/2026\/wp-content\/uploads\/2026\/09\/01-768x532.jpg 768w, https:\/\/libresinaloa.edu.mx\/2026\/wp-content\/uploads\/2026\/09\/01.jpg 1306w\" sizes=\"(max-width: 1024px) 100vw, 1024px\" \/><\/figure>\n\n\n\n<figure class=\"wp-block-image size-large\"><img decoding=\"async\" width=\"1024\" height=\"746\" data-id=\"21504\" src=\"https:\/\/libresinaloa.edu.mx\/2026\/wp-content\/uploads\/2026\/09\/02-1024x746.jpg\" alt=\"\" class=\"wp-image-21504\" srcset=\"https:\/\/libresinaloa.edu.mx\/2026\/wp-content\/uploads\/2026\/09\/02-1024x746.jpg 1024w, https:\/\/libresinaloa.edu.mx\/2026\/wp-content\/uploads\/2026\/09\/02-300x218.jpg 300w, https:\/\/libresinaloa.edu.mx\/2026\/wp-content\/uploads\/2026\/09\/02-768x559.jpg 768w, https:\/\/libresinaloa.edu.mx\/2026\/wp-content\/uploads\/2026\/09\/02.jpg 1306w\" sizes=\"(max-width: 1024px) 100vw, 1024px\" \/><\/figure>\n\n\n\n<figure class=\"wp-block-image size-large\"><img decoding=\"async\" width=\"845\" height=\"795\" data-id=\"21505\" src=\"https:\/\/libresinaloa.edu.mx\/2026\/wp-content\/uploads\/2026\/09\/03.jpg\" alt=\"\" class=\"wp-image-21505\" srcset=\"https:\/\/libresinaloa.edu.mx\/2026\/wp-content\/uploads\/2026\/09\/03.jpg 845w, https:\/\/libresinaloa.edu.mx\/2026\/wp-content\/uploads\/2026\/09\/03-300x282.jpg 300w, https:\/\/libresinaloa.edu.mx\/2026\/wp-content\/uploads\/2026\/09\/03-768x723.jpg 768w\" sizes=\"(max-width: 845px) 100vw, 845px\" \/><\/figure>\n\n\n\n<figure class=\"wp-block-image size-large\"><img loading=\"lazy\" decoding=\"async\" width=\"1024\" height=\"638\" data-id=\"21506\" src=\"https:\/\/libresinaloa.edu.mx\/2026\/wp-content\/uploads\/2026\/09\/04-1024x638.jpg\" alt=\"\" class=\"wp-image-21506\" srcset=\"https:\/\/libresinaloa.edu.mx\/2026\/wp-content\/uploads\/2026\/09\/04-1024x638.jpg 1024w, https:\/\/libresinaloa.edu.mx\/2026\/wp-content\/uploads\/2026\/09\/04-300x187.jpg 300w, https:\/\/libresinaloa.edu.mx\/2026\/wp-content\/uploads\/2026\/09\/04-768x478.jpg 768w, https:\/\/libresinaloa.edu.mx\/2026\/wp-content\/uploads\/2026\/09\/04.jpg 1318w\" sizes=\"(max-width: 1024px) 100vw, 1024px\" \/><\/figure>\n\n\n\n<figure class=\"wp-block-image size-large\"><img loading=\"lazy\" decoding=\"async\" width=\"1024\" height=\"472\" data-id=\"21507\" src=\"https:\/\/libresinaloa.edu.mx\/2026\/wp-content\/uploads\/2026\/09\/05-1024x472.jpg\" alt=\"\" class=\"wp-image-21507\" srcset=\"https:\/\/libresinaloa.edu.mx\/2026\/wp-content\/uploads\/2026\/09\/05-1024x472.jpg 1024w, https:\/\/libresinaloa.edu.mx\/2026\/wp-content\/uploads\/2026\/09\/05-300x138.jpg 300w, https:\/\/libresinaloa.edu.mx\/2026\/wp-content\/uploads\/2026\/09\/05-768x354.jpg 768w, https:\/\/libresinaloa.edu.mx\/2026\/wp-content\/uploads\/2026\/09\/05.jpg 1318w\" sizes=\"(max-width: 1024px) 100vw, 1024px\" \/><\/figure>\n\n\n\n<figure class=\"wp-block-image size-large\"><img loading=\"lazy\" decoding=\"async\" width=\"883\" height=\"808\" data-id=\"21508\" src=\"https:\/\/libresinaloa.edu.mx\/2026\/wp-content\/uploads\/2026\/09\/06.jpg\" alt=\"\" class=\"wp-image-21508\" srcset=\"https:\/\/libresinaloa.edu.mx\/2026\/wp-content\/uploads\/2026\/09\/06.jpg 883w, https:\/\/libresinaloa.edu.mx\/2026\/wp-content\/uploads\/2026\/09\/06-300x275.jpg 300w, https:\/\/libresinaloa.edu.mx\/2026\/wp-content\/uploads\/2026\/09\/06-768x703.jpg 768w\" sizes=\"(max-width: 883px) 100vw, 883px\" \/><\/figure>\n\n\n\n<figure class=\"wp-block-image size-large\"><img loading=\"lazy\" decoding=\"async\" width=\"1024\" height=\"529\" data-id=\"21509\" src=\"https:\/\/libresinaloa.edu.mx\/2026\/wp-content\/uploads\/2026\/09\/07-1024x529.jpg\" alt=\"\" class=\"wp-image-21509\" srcset=\"https:\/\/libresinaloa.edu.mx\/2026\/wp-content\/uploads\/2026\/09\/07-1024x529.jpg 1024w, https:\/\/libresinaloa.edu.mx\/2026\/wp-content\/uploads\/2026\/09\/07-300x155.jpg 300w, https:\/\/libresinaloa.edu.mx\/2026\/wp-content\/uploads\/2026\/09\/07-768x397.jpg 768w, https:\/\/libresinaloa.edu.mx\/2026\/wp-content\/uploads\/2026\/09\/07.jpg 1209w\" sizes=\"(max-width: 1024px) 100vw, 1024px\" \/><\/figure>\n\n\n\n<figure class=\"wp-block-image size-large\"><img loading=\"lazy\" decoding=\"async\" width=\"1024\" height=\"526\" data-id=\"21510\" src=\"https:\/\/libresinaloa.edu.mx\/2026\/wp-content\/uploads\/2026\/09\/08-1024x526.jpg\" alt=\"\" class=\"wp-image-21510\" srcset=\"https:\/\/libresinaloa.edu.mx\/2026\/wp-content\/uploads\/2026\/09\/08-1024x526.jpg 1024w, https:\/\/libresinaloa.edu.mx\/2026\/wp-content\/uploads\/2026\/09\/08-300x154.jpg 300w, https:\/\/libresinaloa.edu.mx\/2026\/wp-content\/uploads\/2026\/09\/08-768x394.jpg 768w, https:\/\/libresinaloa.edu.mx\/2026\/wp-content\/uploads\/2026\/09\/08.jpg 1209w\" sizes=\"(max-width: 1024px) 100vw, 1024px\" \/><\/figure>\n\n\n\n<figure class=\"wp-block-image size-large\"><img loading=\"lazy\" decoding=\"async\" width=\"1024\" height=\"526\" data-id=\"21511\" src=\"https:\/\/libresinaloa.edu.mx\/2026\/wp-content\/uploads\/2026\/09\/09-1024x526.jpg\" alt=\"\" class=\"wp-image-21511\" srcset=\"https:\/\/libresinaloa.edu.mx\/2026\/wp-content\/uploads\/2026\/09\/09-1024x526.jpg 1024w, https:\/\/libresinaloa.edu.mx\/2026\/wp-content\/uploads\/2026\/09\/09-300x154.jpg 300w, https:\/\/libresinaloa.edu.mx\/2026\/wp-content\/uploads\/2026\/09\/09-768x394.jpg 768w, https:\/\/libresinaloa.edu.mx\/2026\/wp-content\/uploads\/2026\/09\/09.jpg 1209w\" sizes=\"(max-width: 1024px) 100vw, 1024px\" \/><\/figure>\n<\/figure>\n\n\n\n<p class=\"wp-block-paragraph\"><\/p>\n","protected":false},"excerpt":{"rendered":"<p>El Mtro. Campoy de la Vega, Rector de la Instituci\u00f3n, convoc\u00f3 a iniciarlo con entusiasmo, disciplina y alto sentido \u00e9tico.<\/p>\n","protected":false},"author":3,"featured_media":21503,"comment_status":"closed","ping_status":"open","sticky":false,"template":"","format":"standard","meta":{"_acf_changed":false,"_jetpack_memberships_contains_paid_content":false,"footnotes":""},"categories":[1],"tags":[],"class_list":["post-21502","post","type-post","status-publish","format-standard","has-post-thumbnail","category-uncategorized"],"acf":[],"yoast_head":"<!-- This site is optimized with the Yoast SEO plugin v27.2 - https:\/\/yoast.com\/product\/yoast-seo-wordpress\/ -->\n<title>Inaugura la Escuela Libre de Derecho de Sinaloa el Ciclo Escolar 2026-2027 - Escuela Libre de Derecho de Sinaloa<\/title>\n<meta name=\"robots\" content=\"index, follow, max-snippet:-1, max-image-preview:large, max-video-preview:-1\" \/>\n<link rel=\"canonical\" href=\"https:\/\/libresinaloa.edu.mx\/2026\/inaugura-la-escuela-libre-de-derecho-de-sinaloa-el-ciclo-escolar-2026-2027\/\" \/>\n<meta property=\"og:locale\" content=\"es_ES\" \/>\n<meta property=\"og:type\" content=\"article\" \/>\n<meta property=\"og:title\" content=\"Inaugura la Escuela Libre de Derecho de Sinaloa el Ciclo Escolar 2026-2027 - Escuela Libre de Derecho de Sinaloa\" \/>\n<meta property=\"og:description\" content=\"El Mtro. Campoy de la Vega, Rector de la Instituci\u00f3n, convoc\u00f3 a iniciarlo con entusiasmo, disciplina y alto sentido \u00e9tico.\" \/>\n<meta property=\"og:url\" content=\"https:\/\/libresinaloa.edu.mx\/2026\/inaugura-la-escuela-libre-de-derecho-de-sinaloa-el-ciclo-escolar-2026-2027\/\" \/>\n<meta property=\"og:site_name\" content=\"Escuela Libre de Derecho de Sinaloa\" \/>\n<meta property=\"article:published_time\" content=\"2026-09-03T23:21:35+00:00\" \/>\n<meta property=\"article:modified_time\" content=\"2026-09-03T23:21:38+00:00\" \/>\n<meta property=\"og:image\" content=\"https:\/\/libresinaloa.edu.mx\/2026\/wp-content\/uploads\/2026\/09\/01.jpg\" \/>\n\t<meta property=\"og:image:width\" content=\"1306\" \/>\n\t<meta property=\"og:image:height\" content=\"905\" \/>\n\t<meta property=\"og:image:type\" content=\"image\/jpeg\" \/>\n<meta name=\"author\" content=\"Carlos Hern\u00e1ndez\" \/>\n<meta name=\"twitter:card\" content=\"summary_large_image\" \/>\n<meta name=\"twitter:label1\" content=\"Escrito por\" \/>\n\t<meta name=\"twitter:data1\" content=\"Carlos Hern\u00e1ndez\" \/>\n\t<meta name=\"twitter:label2\" content=\"Tiempo de lectura\" \/>\n\t<meta name=\"twitter:data2\" content=\"4 minutos\" \/>\n<script type=\"application\/ld+json\" class=\"yoast-schema-graph\">{\"@context\":\"https:\/\/schema.org\",\"@graph\":[{\"@type\":\"Article\",\"@id\":\"https:\/\/libresinaloa.edu.mx\/2026\/inaugura-la-escuela-libre-de-derecho-de-sinaloa-el-ciclo-escolar-2026-2027\/#article\",\"isPartOf\":{\"@id\":\"https:\/\/libresinaloa.edu.mx\/2026\/inaugura-la-escuela-libre-de-derecho-de-sinaloa-el-ciclo-escolar-2026-2027\/\"},\"author\":{\"name\":\"Carlos Hern\u00e1ndez\",\"@id\":\"https:\/\/libresinaloa.edu.mx\/2026\/#\/schema\/person\/d9d5a810f3f72177c2a606d3ce30d5ee\"},\"headline\":\"Inaugura la Escuela Libre de Derecho de Sinaloa el Ciclo Escolar 2026-2027\",\"datePublished\":\"2026-09-03T23:21:35+00:00\",\"dateModified\":\"2026-09-03T23:21:38+00:00\",\"mainEntityOfPage\":{\"@id\":\"https:\/\/libresinaloa.edu.mx\/2026\/inaugura-la-escuela-libre-de-derecho-de-sinaloa-el-ciclo-escolar-2026-2027\/\"},\"wordCount\":432,\"image\":{\"@id\":\"https:\/\/libresinaloa.edu.mx\/2026\/inaugura-la-escuela-libre-de-derecho-de-sinaloa-el-ciclo-escolar-2026-2027\/#primaryimage\"},\"thumbnailUrl\":\"https:\/\/libresinaloa.edu.mx\/2026\/wp-content\/uploads\/2026\/09\/01.jpg\",\"articleSection\":[\"Noticias generales\"],\"inLanguage\":\"es\"},{\"@type\":\"WebPage\",\"@id\":\"https:\/\/libresinaloa.edu.mx\/2026\/inaugura-la-escuela-libre-de-derecho-de-sinaloa-el-ciclo-escolar-2026-2027\/\",\"url\":\"https:\/\/libresinaloa.edu.mx\/2026\/inaugura-la-escuela-libre-de-derecho-de-sinaloa-el-ciclo-escolar-2026-2027\/\",\"name\":\"Inaugura la Escuela Libre de Derecho de Sinaloa el Ciclo Escolar 2026-2027 - Escuela Libre de Derecho de Sinaloa\",\"isPartOf\":{\"@id\":\"https:\/\/libresinaloa.edu.mx\/2026\/#website\"},\"primaryImageOfPage\":{\"@id\":\"https:\/\/libresinaloa.edu.mx\/2026\/inaugura-la-escuela-libre-de-derecho-de-sinaloa-el-ciclo-escolar-2026-2027\/#primaryimage\"},\"image\":{\"@id\":\"https:\/\/libresinaloa.edu.mx\/2026\/inaugura-la-escuela-libre-de-derecho-de-sinaloa-el-ciclo-escolar-2026-2027\/#primaryimage\"},\"thumbnailUrl\":\"https:\/\/libresinaloa.edu.mx\/2026\/wp-content\/uploads\/2026\/09\/01.jpg\",\"datePublished\":\"2026-09-03T23:21:35+00:00\",\"dateModified\":\"2026-09-03T23:21:38+00:00\",\"author\":{\"@id\":\"https:\/\/libresinaloa.edu.mx\/2026\/#\/schema\/person\/d9d5a810f3f72177c2a606d3ce30d5ee\"},\"breadcrumb\":{\"@id\":\"https:\/\/libresinaloa.edu.mx\/2026\/inaugura-la-escuela-libre-de-derecho-de-sinaloa-el-ciclo-escolar-2026-2027\/#breadcrumb\"},\"inLanguage\":\"es\",\"potentialAction\":[{\"@type\":\"ReadAction\",\"target\":[\"https:\/\/libresinaloa.edu.mx\/2026\/inaugura-la-escuela-libre-de-derecho-de-sinaloa-el-ciclo-escolar-2026-2027\/\"]}]},{\"@type\":\"ImageObject\",\"inLanguage\":\"es\",\"@id\":\"https:\/\/libresinaloa.edu.mx\/2026\/inaugura-la-escuela-libre-de-derecho-de-sinaloa-el-ciclo-escolar-2026-2027\/#primaryimage\",\"url\":\"https:\/\/libresinaloa.edu.mx\/2026\/wp-content\/uploads\/2026\/09\/01.jpg\",\"contentUrl\":\"https:\/\/libresinaloa.edu.mx\/2026\/wp-content\/uploads\/2026\/09\/01.jpg\",\"width\":1306,\"height\":905},{\"@type\":\"BreadcrumbList\",\"@id\":\"https:\/\/libresinaloa.edu.mx\/2026\/inaugura-la-escuela-libre-de-derecho-de-sinaloa-el-ciclo-escolar-2026-2027\/#breadcrumb\",\"itemListElement\":[{\"@type\":\"ListItem\",\"position\":1,\"name\":\"Portada\",\"item\":\"https:\/\/libresinaloa.edu.mx\/2026\/\"},{\"@type\":\"ListItem\",\"position\":2,\"name\":\"Inaugura la Escuela Libre de Derecho de Sinaloa el Ciclo Escolar 2026-2027\"}]},{\"@type\":\"WebSite\",\"@id\":\"https:\/\/libresinaloa.edu.mx\/2026\/#website\",\"url\":\"https:\/\/libresinaloa.edu.mx\/2026\/\",\"name\":\"Escuela Libre de Derecho de Sinaloa\",\"description\":\"\",\"potentialAction\":[{\"@type\":\"SearchAction\",\"target\":{\"@type\":\"EntryPoint\",\"urlTemplate\":\"https:\/\/libresinaloa.edu.mx\/2026\/?s={search_term_string}\"},\"query-input\":{\"@type\":\"PropertyValueSpecification\",\"valueRequired\":true,\"valueName\":\"search_term_string\"}}],\"inLanguage\":\"es\"},{\"@type\":\"Person\",\"@id\":\"https:\/\/libresinaloa.edu.mx\/2026\/#\/schema\/person\/d9d5a810f3f72177c2a606d3ce30d5ee\",\"name\":\"Carlos Hern\u00e1ndez\",\"image\":{\"@type\":\"ImageObject\",\"inLanguage\":\"es\",\"@id\":\"https:\/\/secure.gravatar.com\/avatar\/fe0178affa2862a48e75f074c02e4ccc7b86f069463dbfb01ee7fc3ef48d2d29?s=96&d=mm&r=g\",\"url\":\"https:\/\/secure.gravatar.com\/avatar\/fe0178affa2862a48e75f074c02e4ccc7b86f069463dbfb01ee7fc3ef48d2d29?s=96&d=mm&r=g\",\"contentUrl\":\"https:\/\/secure.gravatar.com\/avatar\/fe0178affa2862a48e75f074c02e4ccc7b86f069463dbfb01ee7fc3ef48d2d29?s=96&d=mm&r=g\",\"caption\":\"Carlos Hern\u00e1ndez\"},\"url\":\"https:\/\/libresinaloa.edu.mx\/2026\/author\/webmaster\/\"}]}<\/script>\n<!-- \/ Yoast SEO plugin. -->","yoast_head_json":{"title":"Inaugura la Escuela Libre de Derecho de Sinaloa el Ciclo Escolar 2026-2027 - Escuela Libre de Derecho de Sinaloa","robots":{"index":"index","follow":"follow","max-snippet":"max-snippet:-1","max-image-preview":"max-image-preview:large","max-video-preview":"max-video-preview:-1"},"canonical":"https:\/\/libresinaloa.edu.mx\/2026\/inaugura-la-escuela-libre-de-derecho-de-sinaloa-el-ciclo-escolar-2026-2027\/","og_locale":"es_ES","og_type":"article","og_title":"Inaugura la Escuela Libre de Derecho de Sinaloa el Ciclo Escolar 2026-2027 - Escuela Libre de Derecho de Sinaloa","og_description":"El Mtro. Campoy de la Vega, Rector de la Instituci\u00f3n, convoc\u00f3 a iniciarlo con entusiasmo, disciplina y alto sentido \u00e9tico.","og_url":"https:\/\/libresinaloa.edu.mx\/2026\/inaugura-la-escuela-libre-de-derecho-de-sinaloa-el-ciclo-escolar-2026-2027\/","og_site_name":"Escuela Libre de Derecho de Sinaloa","article_published_time":"2026-09-03T23:21:35+00:00","article_modified_time":"2026-09-03T23:21:38+00:00","og_image":[{"width":1306,"height":905,"url":"https:\/\/libresinaloa.edu.mx\/2026\/wp-content\/uploads\/2026\/09\/01.jpg","type":"image\/jpeg"}],"author":"Carlos Hern\u00e1ndez","twitter_card":"summary_large_image","twitter_misc":{"Escrito por":"Carlos Hern\u00e1ndez","Tiempo de lectura":"4 minutos"},"schema":{"@context":"https:\/\/schema.org","@graph":[{"@type":"Article","@id":"https:\/\/libresinaloa.edu.mx\/2026\/inaugura-la-escuela-libre-de-derecho-de-sinaloa-el-ciclo-escolar-2026-2027\/#article","isPartOf":{"@id":"https:\/\/libresinaloa.edu.mx\/2026\/inaugura-la-escuela-libre-de-derecho-de-sinaloa-el-ciclo-escolar-2026-2027\/"},"author":{"name":"Carlos Hern\u00e1ndez","@id":"https:\/\/libresinaloa.edu.mx\/2026\/#\/schema\/person\/d9d5a810f3f72177c2a606d3ce30d5ee"},"headline":"Inaugura la Escuela Libre de Derecho de Sinaloa el Ciclo Escolar 2026-2027","datePublished":"2026-09-03T23:21:35+00:00","dateModified":"2026-09-03T23:21:38+00:00","mainEntityOfPage":{"@id":"https:\/\/libresinaloa.edu.mx\/2026\/inaugura-la-escuela-libre-de-derecho-de-sinaloa-el-ciclo-escolar-2026-2027\/"},"wordCount":432,"image":{"@id":"https:\/\/libresinaloa.edu.mx\/2026\/inaugura-la-escuela-libre-de-derecho-de-sinaloa-el-ciclo-escolar-2026-2027\/#primaryimage"},"thumbnailUrl":"https:\/\/libresinaloa.edu.mx\/2026\/wp-content\/uploads\/2026\/09\/01.jpg","articleSection":["Noticias generales"],"inLanguage":"es"},{"@type":"WebPage","@id":"https:\/\/libresinaloa.edu.mx\/2026\/inaugura-la-escuela-libre-de-derecho-de-sinaloa-el-ciclo-escolar-2026-2027\/","url":"https:\/\/libresinaloa.edu.mx\/2026\/inaugura-la-escuela-libre-de-derecho-de-sinaloa-el-ciclo-escolar-2026-2027\/","name":"Inaugura la Escuela Libre de Derecho de Sinaloa el Ciclo Escolar 2026-2027 - Escuela Libre de Derecho de Sinaloa","isPartOf":{"@id":"https:\/\/libresinaloa.edu.mx\/2026\/#website"},"primaryImageOfPage":{"@id":"https:\/\/libresinaloa.edu.mx\/2026\/inaugura-la-escuela-libre-de-derecho-de-sinaloa-el-ciclo-escolar-2026-2027\/#primaryimage"},"image":{"@id":"https:\/\/libresinaloa.edu.mx\/2026\/inaugura-la-escuela-libre-de-derecho-de-sinaloa-el-ciclo-escolar-2026-2027\/#primaryimage"},"thumbnailUrl":"https:\/\/libresinaloa.edu.mx\/2026\/wp-content\/uploads\/2026\/09\/01.jpg","datePublished":"2026-09-03T23:21:35+00:00","dateModified":"2026-09-03T23:21:38+00:00","author":{"@id":"https:\/\/libresinaloa.edu.mx\/2026\/#\/schema\/person\/d9d5a810f3f72177c2a606d3ce30d5ee"},"breadcrumb":{"@id":"https:\/\/libresinaloa.edu.mx\/2026\/inaugura-la-escuela-libre-de-derecho-de-sinaloa-el-ciclo-escolar-2026-2027\/#breadcrumb"},"inLanguage":"es","potentialAction":[{"@type":"ReadAction","target":["https:\/\/libresinaloa.edu.mx\/2026\/inaugura-la-escuela-libre-de-derecho-de-sinaloa-el-ciclo-escolar-2026-2027\/"]}]},{"@type":"ImageObject","inLanguage":"es","@id":"https:\/\/libresinaloa.edu.mx\/2026\/inaugura-la-escuela-libre-de-derecho-de-sinaloa-el-ciclo-escolar-2026-2027\/#primaryimage","url":"https:\/\/libresinaloa.edu.mx\/2026\/wp-content\/uploads\/2026\/09\/01.jpg","contentUrl":"https:\/\/libresinaloa.edu.mx\/2026\/wp-content\/uploads\/2026\/09\/01.jpg","width":1306,"height":905},{"@type":"BreadcrumbList","@id":"https:\/\/libresinaloa.edu.mx\/2026\/inaugura-la-escuela-libre-de-derecho-de-sinaloa-el-ciclo-escolar-2026-2027\/#breadcrumb","itemListElement":[{"@type":"ListItem","position":1,"name":"Portada","item":"https:\/\/libresinaloa.edu.mx\/2026\/"},{"@type":"ListItem","position":2,"name":"Inaugura la Escuela Libre de Derecho de Sinaloa el Ciclo Escolar 2026-2027"}]},{"@type":"WebSite","@id":"https:\/\/libresinaloa.edu.mx\/2026\/#website","url":"https:\/\/libresinaloa.edu.mx\/2026\/","name":"Escuela Libre de Derecho de Sinaloa","description":"","potentialAction":[{"@type":"SearchAction","target":{"@type":"EntryPoint","urlTemplate":"https:\/\/libresinaloa.edu.mx\/2026\/?s={search_term_string}"},"query-input":{"@type":"PropertyValueSpecification","valueRequired":true,"valueName":"search_term_string"}}],"inLanguage":"es"},{"@type":"Person","@id":"https:\/\/libresinaloa.edu.mx\/2026\/#\/schema\/person\/d9d5a810f3f72177c2a606d3ce30d5ee","name":"Carlos Hern\u00e1ndez","image":{"@type":"ImageObject","inLanguage":"es","@id":"https:\/\/secure.gravatar.com\/avatar\/fe0178affa2862a48e75f074c02e4ccc7b86f069463dbfb01ee7fc3ef48d2d29?s=96&d=mm&r=g","url":"https:\/\/secure.gravatar.com\/avatar\/fe0178affa2862a48e75f074c02e4ccc7b86f069463dbfb01ee7fc3ef48d2d29?s=96&d=mm&r=g","contentUrl":"https:\/\/secure.gravatar.com\/avatar\/fe0178affa2862a48e75f074c02e4ccc7b86f069463dbfb01ee7fc3ef48d2d29?s=96&d=mm&r=g","caption":"Carlos Hern\u00e1ndez"},"url":"https:\/\/libresinaloa.edu.mx\/2026\/author\/webmaster\/"}]}},"jetpack_featured_media_url":"https:\/\/libresinaloa.edu.mx\/2026\/wp-content\/uploads\/2026\/09\/01.jpg","jetpack_sharing_enabled":true,"_links":{"self":[{"href":"https:\/\/libresinaloa.edu.mx\/2026\/wp-json\/wp\/v2\/posts\/21502","targetHints":{"allow":["GET"]}}],"collection":[{"href":"https:\/\/libresinaloa.edu.mx\/2026\/wp-json\/wp\/v2\/posts"}],"about":[{"href":"https:\/\/libresinaloa.edu.mx\/2026\/wp-json\/wp\/v2\/types\/post"}],"author":[{"embeddable":true,"href":"https:\/\/libresinaloa.edu.mx\/2026\/wp-json\/wp\/v2\/users\/3"}],"replies":[{"embeddable":true,"href":"https:\/\/libresinaloa.edu.mx\/2026\/wp-json\/wp\/v2\/comments?post=21502"}],"version-history":[{"count":1,"href":"https:\/\/libresinaloa.edu.mx\/2026\/wp-json\/wp\/v2\/posts\/21502\/revisions"}],"predecessor-version":[{"id":21512,"href":"https:\/\/libresinaloa.edu.mx\/2026\/wp-json\/wp\/v2\/posts\/21502\/revisions\/21512"}],"wp:featuredmedia":[{"embeddable":true,"href":"https:\/\/libresinaloa.edu.mx\/2026\/wp-json\/wp\/v2\/media\/21503"}],"wp:attachment":[{"href":"https:\/\/libresinaloa.edu.mx\/2026\/wp-json\/wp\/v2\/media?parent=21502"}],"wp:term":[{"taxonomy":"category","embeddable":true,"href":"https:\/\/libresinaloa.edu.mx\/2026\/wp-json\/wp\/v2\/categories?post=21502"},{"taxonomy":"post_tag","embeddable":true,"href":"https:\/\/libresinaloa.edu.mx\/2026\/wp-json\/wp\/v2\/tags?post=21502"}],"curies":[{"name":"wp","href":"https:\/\/api.w.org\/{rel}","templated":true}]}}